{"id":6878,"date":"2018-06-22T23:52:56","date_gmt":"2018-06-22T21:52:56","guid":{"rendered":"https:\/\/oldenburger-sternfreunde.de.62-108-32-103.org-dns.com\/?p=6878"},"modified":"2021-09-21T21:58:15","modified_gmt":"2021-09-21T19:58:15","slug":"presse","status":"publish","type":"post","link":"https:\/\/oldenburger-sternfreunde.de\/?p=6878","title":{"rendered":"Presse"},"content":{"rendered":"<h2>Berichte \u00fcber die Oldenburger-Sternfreunde in der lokalen Presse<\/h2>\n<p><a href=\"https:\/\/oldenburger-sternfreunde.de\/wp-content\/uploads\/bilder\/Presse\/Urkunde_Ferienpassaktionen_2016-pdf.jpg\">Urkunde zur Ferienpassaktion 2016<\/a><br \/>\nUrkunde der Stadt Oldenburg f\u00fcr die Teilnahme an der Ferienpassaktion 2016<br \/>\n<a href=\"https:\/\/oldenburger-sternfreunde.de\/wp-content\/uploads\/bilder\/Presse\/Urkunde_Ferienpassaktionen_2015-pdf.jpg\">Urkunde zur Ferienpassaktion 2015<\/a><br \/>\nUrkunde der Stadt Oldenburg f\u00fcr die Teilnahme an der Ferienpassaktion 2015<br \/>\n<a href=\"https:\/\/oldenburger-sternfreunde.de\/wp-content\/uploads\/bilder\/Presse\/Urkunde_Ferienpassaktionen_2014-pdf.jpg\">Urkunde zur Ferienpassaktion 2014<\/a><br \/>\nUrkunde der Stadt Oldenburg f\u00fcr die Teilnahme an der Ferienpassaktion 2014<br \/>\n<a href=\"https:\/\/oldenburger-sternfreunde.de\/wp-content\/uploads\/bilder\/Presse\/Urkunde_Ferienpassaktionen_2013-pdf.jpg\">Urkunde zur Ferienpassaktion 2013<\/a><br \/>\nUrkunde der Stadt Oldenburg f\u00fcr die Teilnahme an der Ferienpassaktion 2013<br \/>\n<a href=\"https:\/\/oldenburger-sternfreunde.de\/wp-content\/uploads\/bilder\/Presse\/Urkunde_Ferienpassaktionen_2012-pdf.jpg\">Urkunde zur Ferienpassaktion 2012<\/a><br \/>\nUrkunde der Stadt Oldenburg f\u00fcr die Teilnahme an der Ferienpassaktion 2012<br \/>\n<a href=\"https:\/\/oldenburger-sternfreunde.de\/wp-content\/uploads\/bilder\/Presse\/Urkunde_Ferienpassaktionen_2011-pdf.jpg\">Urkunde zur Ferienpassaktion 2011<\/a><br \/>\nUrkunde der Stadt Oldenburg f\u00fcr die Teilnahme an der Ferienpassaktion 2011<br \/>\n<a href=\"https:\/\/oldenburger-sternfreunde.de\/wp-content\/uploads\/bilder\/Presse\/Urkunde_Ferienpassaktion_2010-pdf.jpg\">Urkunde zur Ferienpassaktion 2010<\/a><br \/>\nUrkunde der Stadt Oldenburg f\u00fcr die Teilnahme an der Ferienpassaktion 2010<br \/>\n<a href=\"https:\/\/oldenburger-sternfreunde.de\/wp-content\/uploads\/bilder\/Presse\/Urkunde_Ferienpassaktion_2009-pdf.jpg\">Urkunde zur Ferienpassaktion 2009<\/a><br \/>\nUrkunde der Stadt Oldenburg f\u00fcr die Teilnahme an der Ferienpassaktion 2009<br \/>\n<a href=\"https:\/\/oldenburger-sternfreunde.de\/wp-content\/uploads\/bilder\/Presse\/Urkunde_Ferienpassaktion_2008.jpg\">Urkunde zur Ferienpassaktion 2008<\/a><br \/>\nUrkunde der Stadt Oldenburg f\u00fcr die Teilnahme an der Ferienpassaktion 2008<\/p>\n<p><strong>Hunte-Report, 15.10.2006<\/strong><br \/>\n<strong>Blick in den Sternenhimmel<\/strong><br \/>\n<a href=\"https:\/\/oldenburger-sternfreunde.de\/?attachment_id=8106\" rel=\"attachment wp-att-8106\"><img loading=\"lazy\" decoding=\"async\" class=\"alignnone wp-image-8106 size-medium\" src=\"https:\/\/oldenburger-sternfreunde.de\/wp-content\/uploads\/bilder\/Presse\/HR_2006-10-15_150dpi-300x190.jpg\" alt=\"\" width=\"300\" height=\"190\" srcset=\"https:\/\/oldenburger-sternfreunde.de\/wp-content\/uploads\/bilder\/Presse\/HR_2006-10-15_150dpi-300x190.jpg 300w, https:\/\/oldenburger-sternfreunde.de\/wp-content\/uploads\/bilder\/Presse\/HR_2006-10-15_150dpi.jpg 565w\" sizes=\"auto, (max-width: 300px) 85vw, 300px\" \/><\/a><\/p>\n<p><strong>Nordwest Zeitung NWZ, 14.10.2006<\/strong><br \/>\n<strong>\u00d6ffentlicher Beobachtungsabend<\/strong><br \/>\n<a href=\"https:\/\/oldenburger-sternfreunde.de\/?attachment_id=8101\" rel=\"attachment wp-att-8101\"><img loading=\"lazy\" decoding=\"async\" class=\"alignnone size-medium wp-image-8101\" src=\"https:\/\/oldenburger-sternfreunde.de\/wp-content\/uploads\/bilder\/Presse\/NWZ_2006-10-14_150dpi-300x148.jpg\" alt=\"\" width=\"300\" height=\"148\" srcset=\"https:\/\/oldenburger-sternfreunde.de\/wp-content\/uploads\/bilder\/Presse\/NWZ_2006-10-14_150dpi-300x148.jpg 300w, https:\/\/oldenburger-sternfreunde.de\/wp-content\/uploads\/bilder\/Presse\/NWZ_2006-10-14_150dpi.jpg 708w\" sizes=\"auto, (max-width: 300px) 85vw, 300px\" \/><\/a><\/p>\n<p><strong>Hunte-Report, 08.03.2006<\/strong><br \/>\n<strong>Alles rund um Sonne, Mond und Sterne<\/strong><br \/>\n<a href=\"https:\/\/oldenburger-sternfreunde.de\/?attachment_id=8104\"><img loading=\"lazy\" decoding=\"async\" class=\"alignnone wp-image-8104 size-medium\" src=\"https:\/\/oldenburger-sternfreunde.de\/wp-content\/uploads\/bilder\/Presse\/Hunte-Report_2006-03-08-279x300.jpg\" alt=\"\" width=\"279\" height=\"300\" srcset=\"https:\/\/oldenburger-sternfreunde.de\/wp-content\/uploads\/bilder\/Presse\/Hunte-Report_2006-03-08-279x300.jpg 279w, https:\/\/oldenburger-sternfreunde.de\/wp-content\/uploads\/bilder\/Presse\/Hunte-Report_2006-03-08.jpg 600w\" sizes=\"auto, (max-width: 279px) 85vw, 279px\" \/><\/a><\/p>\n<p><strong>Nordwest Zeitung NWZ, 21.01.2006<\/strong><br \/>\n<strong>Mein Verein<\/strong><br \/>\n<strong>Hier gucken alle auf die Sterne<br \/>\n<a href=\"https:\/\/oldenburger-sternfreunde.de\/?attachment_id=8103\" rel=\"attachment wp-att-8103\"><img loading=\"lazy\" decoding=\"async\" class=\"alignnone wp-image-8103 size-medium\" src=\"https:\/\/oldenburger-sternfreunde.de\/wp-content\/uploads\/bilder\/Presse\/MeinVerein-196x300.jpg\" alt=\"\" width=\"196\" height=\"300\" srcset=\"https:\/\/oldenburger-sternfreunde.de\/wp-content\/uploads\/bilder\/Presse\/MeinVerein-196x300.jpg 196w, https:\/\/oldenburger-sternfreunde.de\/wp-content\/uploads\/bilder\/Presse\/MeinVerein.jpg 600w\" sizes=\"auto, (max-width: 196px) 85vw, 196px\" \/><\/a><br \/>\n<\/strong><\/p>\n<p><strong>Oldenburger Sonntagszeitung, 20.03.2005<\/strong><br \/>\n<strong>Den Himmel entdecken<\/strong><br \/>\n<strong>Oldenburger Sternfreunde laden &#8222;heute&#8220; zum 1. Oldenburger Astronomietag ein<br \/>\n<a href=\"https:\/\/oldenburger-sternfreunde.de\/?attachment_id=8098\" rel=\"attachment wp-att-8098\"><img loading=\"lazy\" decoding=\"async\" class=\"alignnone size-medium wp-image-8098\" src=\"https:\/\/oldenburger-sternfreunde.de\/wp-content\/uploads\/bilder\/Presse\/Sonntagszeitung_2005-03-20-300x176.gif\" alt=\"\" width=\"300\" height=\"176\" srcset=\"https:\/\/oldenburger-sternfreunde.de\/wp-content\/uploads\/bilder\/Presse\/Sonntagszeitung_2005-03-20-300x176.gif 300w, https:\/\/oldenburger-sternfreunde.de\/wp-content\/uploads\/bilder\/Presse\/Sonntagszeitung_2005-03-20-768x451.gif 768w\" sizes=\"auto, (max-width: 300px) 85vw, 300px\" \/><\/a><br \/>\n<\/strong><\/p>\n<p><strong>Nordwest Zeitung, 31.08.2004<\/strong><br \/>\n<strong>Galaxien und Nebel im Blick<\/strong><br \/>\n<strong>Sternwarte in Gehlenberg geplant<br \/>\n<a href=\"https:\/\/oldenburger-sternfreunde.de\/?attachment_id=8100\" rel=\"attachment wp-att-8100\"><img loading=\"lazy\" decoding=\"async\" class=\"alignnone size-medium wp-image-8100\" src=\"https:\/\/oldenburger-sternfreunde.de\/wp-content\/uploads\/bilder\/Presse\/NWZ_klein-193x300.jpg\" alt=\"\" width=\"193\" height=\"300\" srcset=\"https:\/\/oldenburger-sternfreunde.de\/wp-content\/uploads\/bilder\/Presse\/NWZ_klein-193x300.jpg 193w, https:\/\/oldenburger-sternfreunde.de\/wp-content\/uploads\/bilder\/Presse\/NWZ_klein-658x1024.jpg 658w, https:\/\/oldenburger-sternfreunde.de\/wp-content\/uploads\/bilder\/Presse\/NWZ_klein.jpg 768w\" sizes=\"auto, (max-width: 193px) 85vw, 193px\" \/><\/a><br \/>\n<\/strong><\/p>\n<p><strong>M\u00fcnsterl\u00e4ndische Tageszeitung, 25.08.2004<\/strong><br \/>\n<strong>Im Tatemeer st\u00f6rt kein &#8222;Zivilisationslicht&#8220;<\/strong><br \/>\n<strong>Werner Kreye und die Oldenburger Sternfreunde planen Sternwarte<br \/>\n<a href=\"https:\/\/oldenburger-sternfreunde.de\/?attachment_id=8096\" rel=\"attachment wp-att-8096\"><img loading=\"lazy\" decoding=\"async\" class=\"alignnone size-medium wp-image-8096\" src=\"https:\/\/oldenburger-sternfreunde.de\/wp-content\/uploads\/bilder\/Presse\/Tatemeer_klein-300x281.jpg\" alt=\"\" width=\"300\" height=\"281\" srcset=\"https:\/\/oldenburger-sternfreunde.de\/wp-content\/uploads\/bilder\/Presse\/Tatemeer_klein-300x281.jpg 300w, https:\/\/oldenburger-sternfreunde.de\/wp-content\/uploads\/bilder\/Presse\/Tatemeer_klein-768x718.jpg 768w, https:\/\/oldenburger-sternfreunde.de\/wp-content\/uploads\/bilder\/Presse\/Tatemeer_klein.jpg 800w\" sizes=\"auto, (max-width: 300px) 85vw, 300px\" \/><\/a><br \/>\n<\/strong><\/p>\n<p><strong>Stadtmagazin Oldenburg live, Ausgabe 10\/2003<\/strong><br \/>\n<strong>Das Universum im Visier<br \/>\n<a href=\"https:\/\/oldenburger-sternfreunde.de\/?attachment_id=8099\" rel=\"attachment wp-att-8099\"><img loading=\"lazy\" decoding=\"async\" class=\"alignnone size-medium wp-image-8099\" src=\"https:\/\/oldenburger-sternfreunde.de\/wp-content\/uploads\/bilder\/Presse\/OL-live-10-2003_75dpi-212x300.jpg\" alt=\"\" width=\"212\" height=\"300\" srcset=\"https:\/\/oldenburger-sternfreunde.de\/wp-content\/uploads\/bilder\/Presse\/OL-live-10-2003_75dpi-212x300.jpg 212w, https:\/\/oldenburger-sternfreunde.de\/wp-content\/uploads\/bilder\/Presse\/OL-live-10-2003_75dpi.jpg 620w\" sizes=\"auto, (max-width: 212px) 85vw, 212px\" \/><\/a><br \/>\n<\/strong><\/p>\n<p><strong>Hunte Report, Ausgabe 23. Januar 2002<\/strong><br \/>\n<strong>Wenn der Sternenhimmel zum Wanderpfad wird<br \/>\n<a href=\"https:\/\/oldenburger-sternfreunde.de\/?attachment_id=8105\" rel=\"attachment wp-att-8105\"><img loading=\"lazy\" decoding=\"async\" class=\"alignnone size-medium wp-image-8105\" src=\"https:\/\/oldenburger-sternfreunde.de\/wp-content\/uploads\/bilder\/Presse\/Hunte-Report_2002-01-23-300x110.jpg\" alt=\"\" width=\"300\" height=\"110\" srcset=\"https:\/\/oldenburger-sternfreunde.de\/wp-content\/uploads\/bilder\/Presse\/Hunte-Report_2002-01-23-300x110.jpg 300w, https:\/\/oldenburger-sternfreunde.de\/wp-content\/uploads\/bilder\/Presse\/Hunte-Report_2002-01-23-768x281.jpg 768w, https:\/\/oldenburger-sternfreunde.de\/wp-content\/uploads\/bilder\/Presse\/Hunte-Report_2002-01-23.jpg 1024w\" sizes=\"auto, (max-width: 300px) 85vw, 300px\" \/><\/a><br \/>\n<\/strong><\/p>\n","protected":false},"excerpt":{"rendered":"<p>Berichte \u00fcber die Oldenburger-Sternfreunde in der lokalen Presse Urkunde zur Ferienpassaktion 2016 Urkunde der Stadt Oldenburg f\u00fcr die Teilnahme an der Ferienpassaktion 2016 Urkunde zur Ferienpassaktion 2015 Urkunde der Stadt Oldenburg f\u00fcr die Teilnahme an der Ferienpassaktion 2015 Urkunde zur Ferienpassaktion 2014 Urkunde der Stadt Oldenburg f\u00fcr die Teilnahme an der Ferienpassaktion 2014 Urkunde zur &hellip; <a href=\"https:\/\/oldenburger-sternfreunde.de\/?p=6878\" class=\"more-link\"><span class=\"screen-reader-text\">\u201ePresse\u201c <\/span>weiterlesen<\/a><\/p>\n","protected":false},"author":18,"featured_media":0,"comment_status":"open","ping_status":"closed","sticky":false,"template":"","format":"standard","meta":{"footnotes":""},"categories":[1],"tags":[],"class_list":["post-6878","post","type-post","status-publish","format-standard","hentry","category-allgemein"],"_links":{"self":[{"href":"https:\/\/oldenburger-sternfreunde.de\/index.php?rest_route=\/wp\/v2\/posts\/6878","targetHints":{"allow":["GET"]}}],"collection":[{"href":"https:\/\/oldenburger-sternfreunde.de\/index.php?rest_route=\/wp\/v2\/posts"}],"about":[{"href":"https:\/\/oldenburger-sternfreunde.de\/index.php?rest_route=\/wp\/v2\/types\/post"}],"author":[{"embeddable":true,"href":"https:\/\/oldenburger-sternfreunde.de\/index.php?rest_route=\/wp\/v2\/users\/18"}],"replies":[{"embeddable":true,"href":"https:\/\/oldenburger-sternfreunde.de\/index.php?rest_route=%2Fwp%2Fv2%2Fcomments&post=6878"}],"version-history":[{"count":9,"href":"https:\/\/oldenburger-sternfreunde.de\/index.php?rest_route=\/wp\/v2\/posts\/6878\/revisions"}],"predecessor-version":[{"id":8121,"href":"https:\/\/oldenburger-sternfreunde.de\/index.php?rest_route=\/wp\/v2\/posts\/6878\/revisions\/8121"}],"wp:attachment":[{"href":"https:\/\/oldenburger-sternfreunde.de\/index.php?rest_route=%2Fwp%2Fv2%2Fmedia&parent=6878"}],"wp:term":[{"taxonomy":"category","embeddable":true,"href":"https:\/\/oldenburger-sternfreunde.de\/index.php?rest_route=%2Fwp%2Fv2%2Fcategories&post=6878"},{"taxonomy":"post_tag","embeddable":true,"href":"https:\/\/oldenburger-sternfreunde.de\/index.php?rest_route=%2Fwp%2Fv2%2Ftags&post=6878"}],"curies":[{"name":"wp","href":"https:\/\/api.w.org\/{rel}","templated":true}]}}